{"id":1932,"date":"2025-08-25T10:36:20","date_gmt":"2025-08-25T08:36:20","guid":{"rendered":"https:\/\/astenagusia.bilbokokonpartsak.eus\/index.php\/2025\/08\/25\/valoracion-de-aste-nagusia-de-2025-de-bilboko-konpartsak\/"},"modified":"2025-08-25T10:36:27","modified_gmt":"2025-08-25T08:36:27","slug":"valoracion-de-aste-nagusia-de-2025-de-bilboko-konpartsak","status":"publish","type":"post","link":"https:\/\/astenagusia.bilbokokonpartsak.eus\/es\/blog\/1932","title":{"rendered":"Valoraci\u00f3n de Aste Nagusia de 2025 de Bilboko Konpartsak"},"content":{"rendered":"\n<p>Anoche lleg\u00f3 el momento de decir adi\u00f3s a Marijaia. Nuestros corazones est\u00e1n llenos de emoci\u00f3n: la pena, el cansancio, el nerviosismo y la alegr\u00eda se mezclan cada vez que acaba Aste Nagusia. La edici\u00f3n de este a\u00f1o ha sido una edici\u00f3n llena de solidaridad con el pueblo palestino. Hemos llevado a cabo concentraciones, una manifestaci\u00f3n y un mosaico; se\u00f1al de que no olvidamos el sufrimiento de este pueblo. Adem\u00e1s, aprovechamos el homenaje a la ikurri\u00f1a para realizar un acto a favor de los agentes anti-racistas que trabajan en la acogida. Seguiremos construyendo juntas una Euskal Herria diversa y solidaria. Adem\u00e1s, como en los \u00faltimos a\u00f1os, hemos colaborado con Atxuri Harrera para la limpieza de los vasos, y agradecemos de coraz\u00f3n su colaboraci\u00f3n.<\/p>\n\n<p>Nueve d\u00edas, m\u00e1s de seiscientas actividades y miles de participantes. Esta explosi\u00f3n no ser\u00eda posible en un Bilbao donde no hubiera trabajo voluntario ni comunal. Por eso, hemos visto el Arenal vestido de rosas en los \u00faltimos nueve d\u00edas, en referencia a la iniciativa a favor de las Txosnas, y hemos dicho que sin compasas Aste Nagusia no ser\u00eda lo que es hoy. Desde que Marijaia apareci\u00f3 en el balc\u00f3n del Arriaga hemos tenido la oportunidad de disfrutar de todo tipo de actividades: talleres infantiles, conciertos, ferias, actividades deportivas en la r\u00eda y en el Arenal\u2026 Sin embargo, con mucha pena, tuvimos que suspender los campeonatos de baloncesto 3&#215;3 por la lluvia, imposible de controlarlo todo.<\/p>\n\n<p>Valoramos positivamente la participaci\u00f3n de las actividades organizadas, y tenemos que agradecer la respuesta de los bilba\u00ednos y bilba\u00ednas. En cualquier caso, tenemos como reto de futuro fomentar la participaci\u00f3n de las goitibeheras, y en ello trabajaremos el pr\u00f3ximo curso. Hay actividades que realmente gustan a la gente, como los talleres del Gastrotxiki, el ajedrez y el Hiri Krosa. A pesar de que el tiempo no ha acompa\u00f1ado en ning\u00fan momento, el Arenal ha estado abarrotado de gente tanto de d\u00eda como de noche.<\/p>\n\n<p>El Concurso Gastron\u00f3mico es uno de nuestros ejes durante los d\u00edas de Aste Nagusia. Este a\u00f1o hemos hecho cambios en la organizaci\u00f3n y en el n\u00famero de d\u00edas, y el resultado ha sido estupendo. Queremos agradecer a todo el equipo la bandera azul que las comparsas les han dado. Asimismo, muchas gracias a quienes refuerzan y sacan adelante el Concurso Gastron\u00f3mico: jurado, colaboradoras, locutoras y, sobre todo, a quienes participan.<\/p>\n\n<p>Al igual que la bandera azul premia el trabajo realizado a favor de la Aste Nagusia, la bandera marr\u00f3n se otorga a quienes la obstaculizan, y este a\u00f1o, merecidamente, se la hemos entregado a la Polic\u00eda Municipal de Bilbao. Las razones para la concesi\u00f3n de esta bandera han sido varias: Nos han puesto trabas a comparseras y trabajadores para entrar y salir de recinto festivo, han acosado al colectivo mantero y, en general, hemos valorado la escasa ayuda que nos han dado. Denunciamos que las personas en situaci\u00f3n de calle que dorm\u00edan en la plaza del Gas fueran desalojadas y enviadas al Arriaga sin ninguna explicaci\u00f3n. Esta fue una de las razones para activar por primera vez nuestro protocolo.<\/p>\n\n<p>Desgraciadamente, esas no han sido las \u00fanicas agresiones que se han producido durante Aste Nagusia. Se han producido agresiones de diversa \u00edndole e intensidad: racistas, sexistas, LGTBIQ+f\u00f3bicas, verbales, o de las que incluyen violencia f\u00edsica. El pasado jueves, 21, volvimos a activar el protocolo, precisamente tras un ataque LGTBIQ+f\u00f3bico muy grave que tuvo lugar la noche anterior. Como consecuencia de ello, la Comisi\u00f3n Mixta de Fiestas convoc\u00f3 una cadena humana y una concentraci\u00f3n muy numerosa. La colaboraci\u00f3n que recibimos para poner en marcha el protocolo contra las agresiones nos es muy \u00fatil. Muchas gracias a quienes os acercasteis. Queremos que los agresores sepan que nos encontraran de frente, as\u00ed como que las v\u00edctimas tengan presente que estaremos a su lado.<\/p>\n\n<p>Al margen de todo ello, queremos poner en valor el gran ambiente que se ha vivido durante Aste Nagusia. El objetivo es disfrutar juntas de las fiestas que construimos entre todos y todas, llenando las calles de danza, risas y m\u00fasica. Para ello hemos contado con la colaboraci\u00f3n de Olatz Agirre, txupinera, y a Francis Diaz, pregonero. Todos los d\u00edas, tanto bajo la lluvia como sudando, han sido el latido de Aste Nagusia. Os agradecemos de todo coraz\u00f3n vuestro humor, disposici\u00f3n y todo lo que hab\u00e9is hecho para hacer esta semana grande a\u00fan m\u00e1s grande.<\/p>\n","protected":false},"excerpt":{"rendered":"<p>Ya ha terminado la Aste Nagusia de este a\u00f1o y Bilboko Konpartsak ha hecho una valoraci\u00f3n.<\/p>\n","protected":false},"author":3,"featured_media":1930,"comment_status":"open","ping_status":"open","sticky":false,"template":"","format":"standard","meta":{"_acf_changed":false,"footnotes":""},"categories":[1],"tags":[],"class_list":["post-1932","post","type-post","status-publish","format-standard","has-post-thumbnail","hentry","category-sin-categorizar"],"acf":[],"_links":{"self":[{"href":"https:\/\/astenagusia.bilbokokonpartsak.eus\/es\/wp-json\/wp\/v2\/posts\/1932","targetHints":{"allow":["GET"]}}],"collection":[{"href":"https:\/\/astenagusia.bilbokokonpartsak.eus\/es\/wp-json\/wp\/v2\/posts"}],"about":[{"href":"https:\/\/astenagusia.bilbokokonpartsak.eus\/es\/wp-json\/wp\/v2\/types\/post"}],"author":[{"embeddable":true,"href":"https:\/\/astenagusia.bilbokokonpartsak.eus\/es\/wp-json\/wp\/v2\/users\/3"}],"replies":[{"embeddable":true,"href":"https:\/\/astenagusia.bilbokokonpartsak.eus\/es\/wp-json\/wp\/v2\/comments?post=1932"}],"version-history":[{"count":3,"href":"https:\/\/astenagusia.bilbokokonpartsak.eus\/es\/wp-json\/wp\/v2\/posts\/1932\/revisions"}],"predecessor-version":[{"id":1935,"href":"https:\/\/astenagusia.bilbokokonpartsak.eus\/es\/wp-json\/wp\/v2\/posts\/1932\/revisions\/1935"}],"wp:featuredmedia":[{"embeddable":true,"href":"https:\/\/astenagusia.bilbokokonpartsak.eus\/es\/wp-json\/wp\/v2\/media\/1930"}],"wp:attachment":[{"href":"https:\/\/astenagusia.bilbokokonpartsak.eus\/es\/wp-json\/wp\/v2\/media?parent=1932"}],"wp:term":[{"taxonomy":"category","embeddable":true,"href":"https:\/\/astenagusia.bilbokokonpartsak.eus\/es\/wp-json\/wp\/v2\/categories?post=1932"},{"taxonomy":"post_tag","embeddable":true,"href":"https:\/\/astenagusia.bilbokokonpartsak.eus\/es\/wp-json\/wp\/v2\/tags?post=1932"}],"curies":[{"name":"wp","href":"https:\/\/api.w.org\/{rel}","templated":true}]}}