{"id":1926,"date":"2025-08-23T15:06:48","date_gmt":"2025-08-23T13:06:48","guid":{"rendered":"https:\/\/astenagusia.bilbokokonpartsak.eus\/index.php\/2025\/08\/23\/la-comision-mixta-de-fiestas-activa-la-segunda-fase-del-protocolo-contra-las-agresiones\/"},"modified":"2025-08-23T20:14:17","modified_gmt":"2025-08-23T18:14:17","slug":"la-comision-mixta-de-fiestas-activa-la-segunda-fase-del-protocolo-contra-las-agresiones","status":"publish","type":"post","link":"https:\/\/astenagusia.bilbokokonpartsak.eus\/es\/blog\/1926","title":{"rendered":"La Comisi\u00f3n Mixta de Fiestas activa la segunda fase del protocolo contra las agresiones"},"content":{"rendered":"\n<h3 class=\"wp-block-heading\"><h4 class=\"null\"><strong>Tras las caceroladas de esta noche, hemos realizado una cadena humana para condenar las agresiones sucedidas en Aste Nagusia.<\/strong><\/h4><\/h3>\n\n<p>En Bilboko Konpartsak, cada vez son m\u00e1s las agresiones que estamos recibiendo, cada vez m\u00e1s graves. La noche de ayer, una persona que se encontraba celebrando la Aste Nagusia entre amigas sufri\u00f3 una agresi\u00f3n LGTBIQ+foba muy grave. La agresi\u00f3n fue verbal y f\u00edsica. Mientras la v\u00edctima bailaba con sus amigas, tres tipos se le acercaron al grito de \u00abmaric\u00f3n de mierda\u00bb, y tras intentar arrojarlo al suelo, le propinaron una paliza. Lo hicieron ante una multitud de personas que se encontraban en la calle, y luego se hicieron selfies con la sangre, jact\u00e1ndose.<\/p>\n\n<p>Todav\u00eda suceden este tipo de hechos, s\u00ed. Desgraciadamente. Muy tristemente. Adem\u00e1s, hemos tenido noticias de una agresi\u00f3n sexual absolutamente brutal. Tambi\u00e9n siguen sucediendo el tipo de agresiones racistas que hemos denunciado en concentraciones anteriores, y recogemos diariamente informaci\u00f3n sobre tocamientos, acoso y otras agresiones de diferentes grados de violencia que se producen cada noche. Y cada noche est\u00e1n siendo m\u00e1s graves los casos de las v\u00edctimas a las que atendemos.<\/p>\n\n<p>Estamos convencidas de que la mayor\u00eda de las personas que estamos aqu\u00ed queremos disfrutar de Aste Nagusia, pero es imposible pasarlo bien en las fiestas si sufrimos agresiones. Por eso, la pasada noche, hemos paralizado la fiesta en las txosnas con dos caceroladas. Los d\u00edas anteriores tambi\u00e9n lo hemos hecho para recordar que todos y todas tenemos derecho a disfrutar. Todas o nadie.<\/p>\n\n<p>Tal y como decimos que las txosnas son de todas y todos, queremos insistir en que la posibilidad de disfrutar de Aste Nagusia tambi\u00e9n tiene que ser de todas y todos. Y cualquiera que se oponga a esa reivindicaci\u00f3n recibir\u00e1 nuestro m\u00e1s absoluto rechazo. Protegeremos a las v\u00edctimas y enviaremos a los agresores fuera del recinto festivo.<\/p>\n\n<p>Al mismo tiempo, queremos recordar que luchar contra los agresores no es solo cosa nuestra. Nosotras estamos organizadas y tenemos la capacidad de atender las agresiones de forma coordinada, pero la responsabilidad debe ser de toda la sociedad. Queremos recordar a todas las personas que estar\u00e1n presentes en Aste Nagusia la responsabilidad de actuar ante cualquier tipo de agresi\u00f3n. La de no ser c\u00f3mplice. Si toman la responsabilidad de enfrentarse a los agresores, nos tendr\u00e1n de su lado.<\/p>\n\n<p>\u00a1Por una Aste Nagusia plural, de todos y todas!<\/p>\n\n<p><\/p>\n","protected":false},"excerpt":{"rendered":"<p>Tras las caceroladas de esta noche, hemos realizado una cadena humana para condenar las agresiones sucedidas en Aste Nagusia.<\/p>\n","protected":false},"author":3,"featured_media":1923,"comment_status":"open","ping_status":"open","sticky":false,"template":"","format":"standard","meta":{"_acf_changed":false,"footnotes":""},"categories":[1],"tags":[],"class_list":["post-1926","post","type-post","status-publish","format-standard","has-post-thumbnail","hentry","category-sin-categorizar"],"acf":[],"_links":{"self":[{"href":"https:\/\/astenagusia.bilbokokonpartsak.eus\/es\/wp-json\/wp\/v2\/posts\/1926","targetHints":{"allow":["GET"]}}],"collection":[{"href":"https:\/\/astenagusia.bilbokokonpartsak.eus\/es\/wp-json\/wp\/v2\/posts"}],"about":[{"href":"https:\/\/astenagusia.bilbokokonpartsak.eus\/es\/wp-json\/wp\/v2\/types\/post"}],"author":[{"embeddable":true,"href":"https:\/\/astenagusia.bilbokokonpartsak.eus\/es\/wp-json\/wp\/v2\/users\/3"}],"replies":[{"embeddable":true,"href":"https:\/\/astenagusia.bilbokokonpartsak.eus\/es\/wp-json\/wp\/v2\/comments?post=1926"}],"version-history":[{"count":1,"href":"https:\/\/astenagusia.bilbokokonpartsak.eus\/es\/wp-json\/wp\/v2\/posts\/1926\/revisions"}],"predecessor-version":[{"id":1927,"href":"https:\/\/astenagusia.bilbokokonpartsak.eus\/es\/wp-json\/wp\/v2\/posts\/1926\/revisions\/1927"}],"wp:featuredmedia":[{"embeddable":true,"href":"https:\/\/astenagusia.bilbokokonpartsak.eus\/es\/wp-json\/wp\/v2\/media\/1923"}],"wp:attachment":[{"href":"https:\/\/astenagusia.bilbokokonpartsak.eus\/es\/wp-json\/wp\/v2\/media?parent=1926"}],"wp:term":[{"taxonomy":"category","embeddable":true,"href":"https:\/\/astenagusia.bilbokokonpartsak.eus\/es\/wp-json\/wp\/v2\/categories?post=1926"},{"taxonomy":"post_tag","embeddable":true,"href":"https:\/\/astenagusia.bilbokokonpartsak.eus\/es\/wp-json\/wp\/v2\/tags?post=1926"}],"curies":[{"name":"wp","href":"https:\/\/api.w.org\/{rel}","templated":true}]}}