{"id":1919,"date":"2025-08-21T17:15:01","date_gmt":"2025-08-21T15:15:01","guid":{"rendered":"https:\/\/astenagusia.bilbokokonpartsak.eus\/index.php\/2025\/08\/21\/volvemos-a-activar-el-protocolo-antiagresiones\/"},"modified":"2025-08-21T19:30:14","modified_gmt":"2025-08-21T17:30:14","slug":"volvemos-a-activar-el-protocolo-antiagresiones","status":"publish","type":"post","link":"https:\/\/astenagusia.bilbokokonpartsak.eus\/es\/blog\/1919","title":{"rendered":"Volvemos a activar el protocolo antiagresiones"},"content":{"rendered":"\n<p>Desde el txupin, hemos recibido aviso de varios casos de agresiones de diferente tipo e intensidad. Es por esto, que ayer decidimos reactivar el protocolo.  A las 00:00 realizamos una cacerolada en las txosnas. Hoy, con esta movilizaci\u00f3n, queremos denunciar la situaci\u00f3n y recordar que es trabajo de todas hacerle frente.<\/p>\n\n<p>Adem\u00e1s, queremos aprovechar para reivindicar la utilidad del protocolo elaborado por Bilboko Konpartsak, una herramienta m\u00e1s para gestionar las agresiones en la que confiamos. Es por esto, que reiteramos nuestro ofrecimiento de acoger y acompa\u00f1ar a las personas que han sido agredidas. Para ello, s\u00f3lo deben acercarse a la txosna y solicitar ayuda.<\/p>\n\n<p>Tenemos bastantes casos sobre la mesa y queremos destacar que son de toda \u00edndole: acoso sexual, insultos, violencia f\u00edsica, discriminaci\u00f3n&#8230; Por lo tanto, queremos \u00abdar la voz de alarma\u00bb y recordar que no vamos a tolerar ning\u00fan tipo de agresi\u00f3n y que es responsabilidad de todas hacer frente a este problema, de los medios de comunicaci\u00f3n, de las instituciones p\u00fablicas&#8230;<\/p>\n\n<p>Queremos invitar a la gente que disfruta de Aste Nagusia a que aporte su granito de arena para crear un ambiente saludable y recordar a los agresores que no son bienvenidos en nuestros espacios.<\/p>\n\n<p>Por otro lado, queremos denunciar que ayer los agentes municipales estuvieron requisando cosas a los vendedores ambulantes. Esta acci\u00f3n no resuelve en absoluto el problema de estas personas, por lo que pedimos a las instituciones que ofrezcan una alternativa digna.<\/p>\n\n<p>Como hemos dicho no vamos a tolerar ning\u00fan tipo de agresi\u00f3n y seguiremos trabajando para que las fiestas sean espacios seguros para todas las personas.<\/p>\n\n<p>Gora erasorik gabeko Aste Nagusia! Gora Marijaia!<\/p>\n","protected":false},"excerpt":{"rendered":"<p>Activamos de nuevo el protocolo tras varias agresiones de diferentes tipos e intensidades.<\/p>\n","protected":false},"author":3,"featured_media":1917,"comment_status":"open","ping_status":"open","sticky":false,"template":"","format":"standard","meta":{"_acf_changed":false,"footnotes":""},"categories":[1],"tags":[],"class_list":["post-1919","post","type-post","status-publish","format-standard","has-post-thumbnail","hentry","category-sin-categorizar"],"acf":[],"_links":{"self":[{"href":"https:\/\/astenagusia.bilbokokonpartsak.eus\/es\/wp-json\/wp\/v2\/posts\/1919","targetHints":{"allow":["GET"]}}],"collection":[{"href":"https:\/\/astenagusia.bilbokokonpartsak.eus\/es\/wp-json\/wp\/v2\/posts"}],"about":[{"href":"https:\/\/astenagusia.bilbokokonpartsak.eus\/es\/wp-json\/wp\/v2\/types\/post"}],"author":[{"embeddable":true,"href":"https:\/\/astenagusia.bilbokokonpartsak.eus\/es\/wp-json\/wp\/v2\/users\/3"}],"replies":[{"embeddable":true,"href":"https:\/\/astenagusia.bilbokokonpartsak.eus\/es\/wp-json\/wp\/v2\/comments?post=1919"}],"version-history":[{"count":1,"href":"https:\/\/astenagusia.bilbokokonpartsak.eus\/es\/wp-json\/wp\/v2\/posts\/1919\/revisions"}],"predecessor-version":[{"id":1920,"href":"https:\/\/astenagusia.bilbokokonpartsak.eus\/es\/wp-json\/wp\/v2\/posts\/1919\/revisions\/1920"}],"wp:featuredmedia":[{"embeddable":true,"href":"https:\/\/astenagusia.bilbokokonpartsak.eus\/es\/wp-json\/wp\/v2\/media\/1917"}],"wp:attachment":[{"href":"https:\/\/astenagusia.bilbokokonpartsak.eus\/es\/wp-json\/wp\/v2\/media?parent=1919"}],"wp:term":[{"taxonomy":"category","embeddable":true,"href":"https:\/\/astenagusia.bilbokokonpartsak.eus\/es\/wp-json\/wp\/v2\/categories?post=1919"},{"taxonomy":"post_tag","embeddable":true,"href":"https:\/\/astenagusia.bilbokokonpartsak.eus\/es\/wp-json\/wp\/v2\/tags?post=1919"}],"curies":[{"name":"wp","href":"https:\/\/api.w.org\/{rel}","templated":true}]}}