{"id":1885,"date":"2025-08-12T11:54:44","date_gmt":"2025-08-12T09:54:44","guid":{"rendered":"https:\/\/astenagusia.bilbokokonpartsak.eus\/index.php\/2025\/08\/12\/presentamos-las-dinamicas-contra-agresiones-de-esta-aste-nagusia\/"},"modified":"2025-08-15T11:30:10","modified_gmt":"2025-08-15T09:30:10","slug":"presentamos-las-dinamicas-contra-agresiones-de-esta-aste-nagusia","status":"publish","type":"post","link":"https:\/\/astenagusia.bilbokokonpartsak.eus\/es\/blog\/1885","title":{"rendered":"Presentamos las din\u00e1micas contra agresiones de esta Aste Nagusia"},"content":{"rendered":"\n<p>Falta un d\u00eda para dar la bienvenida a Aste Nagusia: unas fiestas participativas construidas para juntarse, aprender, crear redes y reivindicar, unas fiestas populares, vivas, diversas, feministas, para disfrutar de la m\u00fasica y de otras muchas actividades culturales.<\/p>\n\n<p>La Aste Nagusia de Bilbao es una fiesta compuesta por diferentes comparsas, agentes, barrios, asociaciones\u2026 En definitiva, un espacio para el respeto, la libertad y la igualdad.<\/p>\n\n<p>Por eso, hoy, una vez m\u00e1s, volveremos a decir alto y claro: \u00a1En nuestras calles y en nuestros espacios festivos, no caben las agresiones sexistas, racistas o LGTBIf\u00f3bicas! No son \u00abcosas que pasan\u00bb. No son \u00abmal entendidos\u00bb. Se trata de violencias que lesionan, marginan y rompen lo que estamos construyendo conjuntamente. Esta violencia la alimenta cada mirada c\u00f3mplice, de cada silencio que no denuncia, de cada mano que no ofrecemos. \u00a1Y no lo vamos a consentir!<\/p>\n\n<p>Para hacerle frente contamos con una serie de protocolos fruto de la colaboraci\u00f3n y el trabajo en red entre diferentes asociaciones y agentes, como el movimiento feminista, SOS Racismo o EHGAM. El objetivo de estos protocolos es que la persona agredida se sienta escuchada y protegida.<\/p>\n\n<p>Para ello, las txosnas de Bilboko Konpartsak ser\u00e1n puntos de referencia. Cualquier persona que haya sufrido o presenciado una agresi\u00f3n, podr\u00e1 acercarse a cualquiera de las txosnas del recinto festivo para recibir protecci\u00f3n y ayuda. La persona responsable de la txosna acoger\u00e1 a dicha persona emp\u00e1ticamente, y le ofrecer\u00e1 un espacio seguro, donde no se juzgar\u00e1 ni se cuestionar\u00e1 su relato.<\/p>\n\n<p>Adem\u00e1s, se le prestar\u00e1 la ayuda necesaria: acompa\u00f1amiento, espacio seguro, descanso\u2026 y si es necesario, nos pondremos en contacto con otros agentes, instituciones o servicios (servicios sociales, servicio de emergencia SMUS, el servicio Ate Morea de la Diputaci\u00f3n, el centro de gesti\u00f3n de crisis\u2026). Todo, siempre que la persona afectada lo desee.<\/p>\n\n<p>Adem\u00e1s de las comparsas, cada d\u00eda habr\u00e1 una persona que colaborar\u00e1 en la gesti\u00f3n de las agresiones que se puedan producir.<\/p>\n\n<p>En caso de que se produzca una agresi\u00f3n, desde Bilboko Konpartsak decidiremos en las mesas informativas que se celebren por la ma\u00f1ana, qu\u00e9 respuesta dar, siempre con el consentimiento de la persona agredida y con el del resto de agentes con los que colaboramos. Todo ello para dar una respuesta colectiva ante las agresiones. No vamos a tolerar ninguna agresi\u00f3n. \u00a1No nos quedaremos calladas!<\/p>\n\n<p>Tampoco podemos mirar hacia otro lado si la agresi\u00f3n viene de quienes nos deber\u00edan proteger de esa violencia. Condenamos con contundencia la violencia policial injustificada, sobre todo cuando se utiliza para reprimir, humillar o castigar a las personas por su origen, color de piel o estatus social.<\/p>\n\n<p>No se trata de ocultar estas situaciones, sino de exigir el m\u00ednimo que debe garantizar una sociedad justa: reivindicar un trato digno para todas las personas. No vamos a permitir que una detenci\u00f3n se convierta en una paliza. No vamos a permitir normalizar la barbarie con la excusa del \u00aborden p\u00fablico\u00bb.<\/p>\n\n<p>Por eso decimos alto y claro: \u00a1Las agresiones sexistas, racistas, hom\u00f3fobas, tr\u00e1nsfobas y policiales no tienen cabida entre nosotras!<\/p>\n\n<p>\u00a1Queremos una ciudad segura, pero para todas para seguir construyendo juntas Aste Nagusia en donde poder bailar, juntarnos, jugar, conocernos, disfrutar y celebrar!<\/p>\n\n<p>Por ello, os invitamos a participar en las movilizaciones organizadas por Bilbo Feminista Saretzen. La manifestaci\u00f3n se celebrar\u00e1 hoy, a las seis de la tarde, en el Teatro Arriaga, y all\u00ed se dar\u00e1n a conocer los detalles sobre las movilizaciones.<\/p>\n\n<p>\u00a1Gora Aste Nagusia plural!<\/p>\n\n<p>\u00a1Por unas fiestas libres y seguras, celebradas con respeto, alegr\u00eda y rebeld\u00eda!<\/p>\n\n<p><\/p>\n","protected":false},"excerpt":{"rendered":"<p>Las txosnas de Bilboko Konpartsak ser\u00e1n puntos de referencia. Cualquier persona que haya sufrido o presenciado una agresi\u00f3n, podr\u00e1 acercarse a cualquiera de las txosnas del recinto festivo para recibir protecci\u00f3n y ayuda.<\/p>\n","protected":false},"author":3,"featured_media":1881,"comment_status":"open","ping_status":"open","sticky":false,"template":"","format":"standard","meta":{"_acf_changed":false,"footnotes":""},"categories":[24,1],"tags":[],"class_list":["post-1885","post","type-post","status-publish","format-standard","has-post-thumbnail","hentry","category-aste-nagusia-es","category-sin-categorizar"],"acf":[],"_links":{"self":[{"href":"https:\/\/astenagusia.bilbokokonpartsak.eus\/es\/wp-json\/wp\/v2\/posts\/1885","targetHints":{"allow":["GET"]}}],"collection":[{"href":"https:\/\/astenagusia.bilbokokonpartsak.eus\/es\/wp-json\/wp\/v2\/posts"}],"about":[{"href":"https:\/\/astenagusia.bilbokokonpartsak.eus\/es\/wp-json\/wp\/v2\/types\/post"}],"author":[{"embeddable":true,"href":"https:\/\/astenagusia.bilbokokonpartsak.eus\/es\/wp-json\/wp\/v2\/users\/3"}],"replies":[{"embeddable":true,"href":"https:\/\/astenagusia.bilbokokonpartsak.eus\/es\/wp-json\/wp\/v2\/comments?post=1885"}],"version-history":[{"count":2,"href":"https:\/\/astenagusia.bilbokokonpartsak.eus\/es\/wp-json\/wp\/v2\/posts\/1885\/revisions"}],"predecessor-version":[{"id":1890,"href":"https:\/\/astenagusia.bilbokokonpartsak.eus\/es\/wp-json\/wp\/v2\/posts\/1885\/revisions\/1890"}],"wp:featuredmedia":[{"embeddable":true,"href":"https:\/\/astenagusia.bilbokokonpartsak.eus\/es\/wp-json\/wp\/v2\/media\/1881"}],"wp:attachment":[{"href":"https:\/\/astenagusia.bilbokokonpartsak.eus\/es\/wp-json\/wp\/v2\/media?parent=1885"}],"wp:term":[{"taxonomy":"category","embeddable":true,"href":"https:\/\/astenagusia.bilbokokonpartsak.eus\/es\/wp-json\/wp\/v2\/categories?post=1885"},{"taxonomy":"post_tag","embeddable":true,"href":"https:\/\/astenagusia.bilbokokonpartsak.eus\/es\/wp-json\/wp\/v2\/tags?post=1885"}],"curies":[{"name":"wp","href":"https:\/\/api.w.org\/{rel}","templated":true}]}}