{"id":1495,"date":"2025-07-29T19:13:54","date_gmt":"2025-07-29T17:13:54","guid":{"rendered":"https:\/\/astenagusia.bilbokokonpartsak.eus\/index.php\/2025\/07\/30\/presentamos-la-txupinera-y-el-pregonero-de-la-aste-nagusia-2025\/"},"modified":"2025-07-31T18:26:58","modified_gmt":"2025-07-31T16:26:58","slug":"presentamos-la-txupinera-y-el-pregonero-de-la-aste-nagusia-2025","status":"publish","type":"post","link":"https:\/\/astenagusia.bilbokokonpartsak.eus\/es\/blog\/1495","title":{"rendered":"Presentamos la Txupinera y el Pregonero de la Aste Nagusia 2025"},"content":{"rendered":"\n<h3 class=\"wp-block-heading\">Olatz Agirre, de la comparsa Txori Barrote, y Francis D\u00edez, de Doctor Deseo, ser\u00e1n los dos representantes especiales de la Aste Nagusia de este a\u00f1o.<br\/><\/h3>\n\n<p><strong>Bilbo, 29\/07\/2025<\/strong><br\/><br\/>Gaur aurkeztu ditugu Olatz Agirre eta Francis D\u00edez Bilboko 2025eko Aste Nagusiko txupinera eta pregoilaria, gaur goizean udaletxean prentsaren aurrean egindako agerraldian. Itziar Urtasun zinegotziak, Jai Batzorde Mistoko presidenteak, Marijaiarekin batera jaietako protagonistak izango diren bi pertsonak aurkeztu ditu, eta nabarmendu du 18 egun baino ez direla geratzen Aste Nagusiaren 45. edizioa iristeko.<\/p>\n\n<p>Hace unas semanas se inform\u00f3 de qui\u00e9nes iban a ser esos iconos de las fiestas, pero hoy se han presentado con el uniforme puesto y los medios han podido estar con ellos y sacarse fotos de rigor en el Ayuntamiento. Urtasun, que ha presentado la txupinera y el pregonero, ha recordado que la asociaci\u00f3n de comerciantes de la Parte Vieja es la encargada de confeccionar el vestuario de ambas personas.<\/p>\n\n<p>Olatz Agirre ha sido elegida txupinera por Bilboko Konpartsak. Es de Santutxu, ejerce de delineante en el \u00e1rea de Servicios y Obras P\u00fablicas del Ayuntamiento de Bilbao, y es miembro de la comparsa Txori Barrote. Olatz ha reconocido este a\u00f1o que \u00abno voy a vestirme de negro y blanco, sino de rojo, para representar a todas las comparsas, desde el pueblo y para el pueblo, sin intereses econ\u00f3micos y en estos nueve d\u00edas alegres llenos de solidaridad, color y participaci\u00f3n\u00bb.<br\/><\/p>\n\n<p>Aboga por pasarlo bien, pero sin pasarlo, y recuerda que no se tolerar\u00e1n violencias contra nadie. Asimismo, ha recordado que existe un protocolo contra las agresiones y que existe la posibilidad de denunciarlas en las comparsas si se sufren o se ven agresiones, donde las personas agredidas recibir\u00e1n ayuda y se podr\u00e1 poner en marcha el protocolo contra las agresiones. Por \u00faltimo, anima a calentar motores ya que \u00abestamos atejando la Semana Grande.<br\/><\/p>\n\n<p>El pregonero elegido este a\u00f1o, Francis D\u00edez, cantante de Doctor Deseo, ha reconocido haberse \u00abescaqueado\u00bb de esta propuesta en a\u00f1os anteriores. Este a\u00f1o, sin embargo, ha decidido aceptar la pregoner\u00eda porque \u00abella es pura folcl\u00f3rica\u00bb y para dar el reconocimiento que merecen estas fiestas que exigen un trabajo tremendo y que \u00abse han convertido en las mejores fiestas del mundo\u00bb.<br\/><\/p>\n\n<p>Francis ha asegurado que para \u00e9l es un honor ser pregonero y que estar\u00e1 \u00abal servicio de Bilboko Konpartsak y del Ayuntamiento para participar en esta fiesta inmaterial que tiene una gran influencia en Bilbao\u00bb. Se ha puesto a disposici\u00f3n de la ciudadan\u00eda porque sabe perfectamente que muchas personas se acercar\u00e1n tanto al pregonero como a la txupinera a pedir una foto.<br\/><\/p>\n\n<p>Badator Aste Nagusia!<\/p>\n\n<figure class=\"wp-block-image size-large\"><a href=\"https:\/\/astenagusia.bilbokokonpartsak.eus\/wp-content\/uploads\/2025\/07\/photo_5782933826819966384_y-1-1.jpg\"><img fetchpriority=\"high\" decoding=\"async\" width=\"1024\" height=\"768\" src=\"https:\/\/astenagusia.bilbokokonpartsak.eus\/wp-content\/uploads\/2025\/07\/photo_5782933826819966384_y-1-1-1024x768.jpg\" alt=\"\" class=\"wp-image-16449\" srcset=\"https:\/\/astenagusia.bilbokokonpartsak.eus\/wp-content\/uploads\/2025\/07\/photo_5782933826819966384_y-1-1-1024x768.jpg 1024w, https:\/\/astenagusia.bilbokokonpartsak.eus\/wp-content\/uploads\/2025\/07\/photo_5782933826819966384_y-1-1-300x225.jpg 300w, https:\/\/astenagusia.bilbokokonpartsak.eus\/wp-content\/uploads\/2025\/07\/photo_5782933826819966384_y-1-1-768x576.jpg 768w, https:\/\/astenagusia.bilbokokonpartsak.eus\/wp-content\/uploads\/2025\/07\/photo_5782933826819966384_y-1-1.jpg 1280w\" sizes=\"(max-width: 1024px) 100vw, 1024px\" \/><\/a><figcaption class=\"wp-element-caption\">Txupinera y Pregonero de este a\u00f1o, con la Comisi\u00f3n Mixta de Fiestas. BILBOKO KONPARTSAK<\/figcaption><\/figure>\n\n<p>\u00a0<\/p>\n","protected":false},"excerpt":{"rendered":"<p>Olatz Agirre, de la comparsa Txori Barrote, y Francis D\u00edez, de Doctor Deseo, ser\u00e1n los dos representantes especiales de la Aste Nagusia de este a\u00f1o. Bilbo, 29\/07\/2025 Gaur aurkeztu ditugu Olatz Agirre eta Francis D\u00edez Bilboko 2025eko Aste Nagusiko txupinera eta pregoilaria, gaur goizean udaletxean prentsaren aurrean egindako agerraldian. Itziar Urtasun zinegotziak, Jai Batzorde Mistoko [&hellip;]<\/p>\n","protected":false},"author":2,"featured_media":1386,"comment_status":"open","ping_status":"open","sticky":false,"template":"","format":"standard","meta":{"_acf_changed":false,"footnotes":""},"categories":[24],"tags":[],"class_list":["post-1495","post","type-post","status-publish","format-standard","has-post-thumbnail","hentry","category-aste-nagusia-es"],"acf":[],"_links":{"self":[{"href":"https:\/\/astenagusia.bilbokokonpartsak.eus\/es\/wp-json\/wp\/v2\/posts\/1495","targetHints":{"allow":["GET"]}}],"collection":[{"href":"https:\/\/astenagusia.bilbokokonpartsak.eus\/es\/wp-json\/wp\/v2\/posts"}],"about":[{"href":"https:\/\/astenagusia.bilbokokonpartsak.eus\/es\/wp-json\/wp\/v2\/types\/post"}],"author":[{"embeddable":true,"href":"https:\/\/astenagusia.bilbokokonpartsak.eus\/es\/wp-json\/wp\/v2\/users\/2"}],"replies":[{"embeddable":true,"href":"https:\/\/astenagusia.bilbokokonpartsak.eus\/es\/wp-json\/wp\/v2\/comments?post=1495"}],"version-history":[{"count":3,"href":"https:\/\/astenagusia.bilbokokonpartsak.eus\/es\/wp-json\/wp\/v2\/posts\/1495\/revisions"}],"predecessor-version":[{"id":1510,"href":"https:\/\/astenagusia.bilbokokonpartsak.eus\/es\/wp-json\/wp\/v2\/posts\/1495\/revisions\/1510"}],"wp:featuredmedia":[{"embeddable":true,"href":"https:\/\/astenagusia.bilbokokonpartsak.eus\/es\/wp-json\/wp\/v2\/media\/1386"}],"wp:attachment":[{"href":"https:\/\/astenagusia.bilbokokonpartsak.eus\/es\/wp-json\/wp\/v2\/media?parent=1495"}],"wp:term":[{"taxonomy":"category","embeddable":true,"href":"https:\/\/astenagusia.bilbokokonpartsak.eus\/es\/wp-json\/wp\/v2\/categories?post=1495"},{"taxonomy":"post_tag","embeddable":true,"href":"https:\/\/astenagusia.bilbokokonpartsak.eus\/es\/wp-json\/wp\/v2\/tags?post=1495"}],"curies":[{"name":"wp","href":"https:\/\/api.w.org\/{rel}","templated":true}]}}