{"id":1093,"date":"2025-05-08T17:00:00","date_gmt":"2025-05-08T15:00:00","guid":{"rendered":"https:\/\/astenagusia.bilbokokonpartsak.eus\/an\/index.php\/2025\/07\/17\/txosnak-arriskuan-direla-ohartarazi-dute-herri-jaien-sustatzaileek\/"},"modified":"2025-11-19T20:25:46","modified_gmt":"2025-11-19T19:25:46","slug":"txosnak-arriskuan-direla-ohartarazi-dute-herri-jaien-sustatzaileek","status":"publish","type":"post","link":"https:\/\/astenagusia.bilbokokonpartsak.eus\/es\/blog\/1093","title":{"rendered":"Los movimientos festivos populares advierten de que las txosnas corren peligro"},"content":{"rendered":"\n<p><strong>Anuncian una iniciativa en favor de las txosnas para el 31 de mayo en Miribilla<\/strong><\/p>\n\n<p>Hoy, cuando cuando faltan 100 d\u00edas para que comience la Aste Nagusia de Bilbao, pero tambi\u00e9n 88 para las fiestas de la Virgen Blanca en Gasteiz y 93 para la Aste Nagusia de Donostia, han comparecido en Bilbao representantes de Bilboko Konpartsak, Gasteizko Txosnak y Donostiako Piratak para lanzar un mensaje de alarma: las fiestas, tal y como las conocemos hoy, est\u00e1n en riesgo de desaparecer. Seg\u00fan han denunciado, en un tiempo en el que el ocio est\u00e1 mercantilizado, las instituciones, en lugar de proteger los modelos populares, priorizan las actividades con af\u00e1n de lucro.<\/p>\n\n<figure class=\"wp-block-image size-full\"><img fetchpriority=\"high\" decoding=\"async\" width=\"938\" height=\"543\" src=\"https:\/\/astenagusia.bilbokokonpartsak.eus\/wp-content\/uploads\/2025\/07\/txosnak-arriskuan-prentsaurrekoa.jpg\" alt=\"\" class=\"wp-image-223\" srcset=\"https:\/\/astenagusia.bilbokokonpartsak.eus\/wp-content\/uploads\/2025\/07\/txosnak-arriskuan-prentsaurrekoa.jpg 938w, https:\/\/astenagusia.bilbokokonpartsak.eus\/wp-content\/uploads\/2025\/07\/txosnak-arriskuan-prentsaurrekoa-300x174.jpg 300w, https:\/\/astenagusia.bilbokokonpartsak.eus\/wp-content\/uploads\/2025\/07\/txosnak-arriskuan-prentsaurrekoa-768x445.jpg 768w\" sizes=\"(max-width: 938px) 100vw, 938px\" \/><\/figure>\n\n<p>En la nota que han le\u00eddo hoy Maite Aranalde (Gasteizko Txosnak), Iker Martin (Bilboko Konpartsak) y Joseba Cornago (Donostiako Piratak), han recordado tambi\u00e9n que las txosnas de las fiestas populares son iniciativas sin \u00e1nimo de lucro, gestionadas por gente voluntaria, y que es una \u00abanomal\u00eda\u00bb que no se tenga en cuenta sus caracter\u00edstcas y que las administraciones no cuenten con marcos adaptados a sus necesidades.<\/p>\n\n<p>Entre los obst\u00e1culos que las fiestas populares encuentran han mencionado la carga de los tr\u00e1mites administrativos, el aumento de costes, las medidas restrictivas y las trabas al uso del espacio p\u00fablico, factores que entre todos ponen en riesgo el futuro de la expresi\u00f3n colectiva que son las fiestas y txosnas. Por ello, han hecho un llamamiento al acto que organizar\u00e1n el d\u00eda 31 de mayo en Miribilla.<\/p>\n\n<figure class=\"wp-block-image size-full\"><img decoding=\"async\" width=\"1000\" height=\"656\" src=\"https:\/\/astenagusia.bilbokokonpartsak.eus\/wp-content\/uploads\/2025\/07\/txosnak-arriskuan-prentsaurrekoa2.jpg\" alt=\"\" class=\"wp-image-1595\" srcset=\"https:\/\/astenagusia.bilbokokonpartsak.eus\/wp-content\/uploads\/2025\/07\/txosnak-arriskuan-prentsaurrekoa2.jpg 1000w, https:\/\/astenagusia.bilbokokonpartsak.eus\/wp-content\/uploads\/2025\/07\/txosnak-arriskuan-prentsaurrekoa2-300x197.jpg 300w, https:\/\/astenagusia.bilbokokonpartsak.eus\/wp-content\/uploads\/2025\/07\/txosnak-arriskuan-prentsaurrekoa2-768x504.jpg 768w\" sizes=\"(max-width: 1000px) 100vw, 1000px\" \/><\/figure>\n\n<p>Gaurko agerraldia. Erabilera librea.<\/p>\n\n<p>Esta es la declaraci\u00f3n le\u00edda hoy:<\/p>\n\n<p><em>Hoy, cuando faltan 100 d\u00edas para que comience la Aste Nagusia de Bilbao, pero tambi\u00e9n 88 para las fiestas de la Virgen Blanca en Gasteiz y 93 para la Aste Nagusia de Donostia, nos hemos reunido aqu\u00ed quienes representamos a Bilboko Konpartsak, las Gasteizko Txosnak y los Donostiako Piratak para lanzar un mensaje de alarma: las fiestas, tal y como las conocemos hoy, est\u00e1n en riesgo de desaparecer. No queremos sonar alarmistas, pero s\u00ed reflejar una realidad que vemos cada vez m\u00e1s cerca.<\/em><\/p>\n\n<p><em>El mundo se est\u00e1 privatizando, y cada vez es m\u00e1s dif\u00edcil organizar txosnas y fiestas populares. El ocio est\u00e1 mercantilizado, y a quienes no tenemos \u00e1nimo de lucro nos ponen cada vez m\u00e1s obst\u00e1culos para usar el espacio p\u00fablico. Es evidente que las instituciones priorizan las actividades con fines lucrativos.<\/em><\/p>\n\n<p><em>A quienes nos basamos en la autogesti\u00f3n nos ponen m\u00e1s dificultades: la carga de los tr\u00e1mites administrativos, el encarecimiento de los costes, las restricciones normativas. Todo ello pone en riesgo el futuro de estas expresiones colectivas, de las txosnas y fiestas sin \u00e1nimo de lucro.<\/em><\/p>\n\n<p><em>Siendo este modelo festivo tan arraigado en Euskal Herria, es una anomal\u00eda que no se reconozca nuestra naturaleza, y que las administraciones no cuenten con marcos adaptados a nuestras necesidades. No somos empresas, no somos eventos comerciales: somos personas voluntarias. Pasarlo bien es un asunto serio. Las txosnas son un tesoro de nuestro pueblo, y debemos protegerlas, diferenciarlas de los eventos comerciales.<\/em><\/p>\n\n<p><em>Cada a\u00f1o nos organizamos miles y miles de personas para que haya fiestas populares en nuestros pueblos y barrios. Ese esfuerzo es nuestro tesoro: organizarnos sin inter\u00e9s econ\u00f3mico, como pueblo, para el beneficio de la ciudadan\u00eda. Demostramos cada a\u00f1o que es posible, y por eso se han creado tantos recuerdos y emociones en estos espacios. Para nosotras y nosotros no hay nada m\u00e1s bonito que el tiempo que dedicamos a organizar las fiestas. Y no hay nada m\u00e1s triste que ver en riesgo de desaparici\u00f3n algo que tanto amamos y tanto disfrutamos entre todas y todos.<\/em><\/p>\n\n<p><em>Por eso, para terminar esta rueda de prensa, queremos convocaros a un gran acto: el 31 de mayo, a las 11:30, en el anfiteatro de Miribilla, en Bilbao, para defender las txosnas y las fiestas populares. \u00a1Nos vemos all\u00ed!<\/em><\/p>\n","protected":false},"excerpt":{"rendered":"<p>Anuncian una iniciativa en favor de las txosnas para el 31 de mayo en Miribilla Hoy, cuando cuando faltan 100 d\u00edas para que comience la Aste Nagusia de Bilbao, pero tambi\u00e9n 88 para las fiestas de la Virgen Blanca en Gasteiz y 93 para la Aste Nagusia de Donostia, han comparecido en Bilbao representantes de [&hellip;]<\/p>\n","protected":false},"author":2,"featured_media":224,"comment_status":"open","ping_status":"open","sticky":false,"template":"","format":"standard","meta":{"_acf_changed":false,"footnotes":""},"categories":[24],"tags":[],"class_list":["post-1093","post","type-post","status-publish","format-standard","has-post-thumbnail","hentry","category-aste-nagusia-es"],"acf":[],"_links":{"self":[{"href":"https:\/\/astenagusia.bilbokokonpartsak.eus\/es\/wp-json\/wp\/v2\/posts\/1093","targetHints":{"allow":["GET"]}}],"collection":[{"href":"https:\/\/astenagusia.bilbokokonpartsak.eus\/es\/wp-json\/wp\/v2\/posts"}],"about":[{"href":"https:\/\/astenagusia.bilbokokonpartsak.eus\/es\/wp-json\/wp\/v2\/types\/post"}],"author":[{"embeddable":true,"href":"https:\/\/astenagusia.bilbokokonpartsak.eus\/es\/wp-json\/wp\/v2\/users\/2"}],"replies":[{"embeddable":true,"href":"https:\/\/astenagusia.bilbokokonpartsak.eus\/es\/wp-json\/wp\/v2\/comments?post=1093"}],"version-history":[{"count":3,"href":"https:\/\/astenagusia.bilbokokonpartsak.eus\/es\/wp-json\/wp\/v2\/posts\/1093\/revisions"}],"predecessor-version":[{"id":1599,"href":"https:\/\/astenagusia.bilbokokonpartsak.eus\/es\/wp-json\/wp\/v2\/posts\/1093\/revisions\/1599"}],"wp:featuredmedia":[{"embeddable":true,"href":"https:\/\/astenagusia.bilbokokonpartsak.eus\/es\/wp-json\/wp\/v2\/media\/224"}],"wp:attachment":[{"href":"https:\/\/astenagusia.bilbokokonpartsak.eus\/es\/wp-json\/wp\/v2\/media?parent=1093"}],"wp:term":[{"taxonomy":"category","embeddable":true,"href":"https:\/\/astenagusia.bilbokokonpartsak.eus\/es\/wp-json\/wp\/v2\/categories?post=1093"},{"taxonomy":"post_tag","embeddable":true,"href":"https:\/\/astenagusia.bilbokokonpartsak.eus\/es\/wp-json\/wp\/v2\/tags?post=1093"}],"curies":[{"name":"wp","href":"https:\/\/api.w.org\/{rel}","templated":true}]}}